{"id":8564,"date":"2024-10-08T11:38:15","date_gmt":"2024-10-08T11:38:15","guid":{"rendered":"https:\/\/www.escuela-hablamos.com\/?p=8564"},"modified":"2024-10-08T11:38:15","modified_gmt":"2024-10-08T11:38:15","slug":"feliz-dia-europeo-de-las-lenguas","status":"publish","type":"post","link":"https:\/\/www.escuela-hablamos.com\/pt\/feliz-dia-europeo-de-las-lenguas\/","title":{"rendered":"\u00a1Feliz D\u00eda Europeo de las Lenguas!"},"content":{"rendered":"<div class=\"wpb-content-wrapper\"><div data-parent=\"true\" class=\"vc_row row-container\" id=\"row-unique-0\"><div class=\"row single-top-padding single-bottom-padding no-h-padding limit-width row-parent\"><div class=\"wpb_row row-inner\"><div class=\"wpb_column pos-top pos-center align_left column_parent col-lg-12 single-internal-gutter\"><div class=\"uncol style-light\"  ><div class=\"uncoltable\"><div class=\"uncell no-block-padding\" ><div class=\"uncont\" ><div class=\"vc_custom_heading_wrap\"><div class=\"heading-text el-text\" ><h2 class=\"h3\" ><span>El 26 de septiembre celebramos el D\u00eda Europeo de las Lenguas. En esta fiesta, el Consejo de Europa anima al mundo a aprender nuevas lenguas como forma de conocer otras culturas e historias.<\/span><\/h2><\/div><div class=\"clear\"><\/div><\/div><div class=\"uncode_text_column\" ><p><mark>Hablamos<\/mark> tiene <a href=\"https:\/\/www.escuela-hablamos.com\/pt\/our-students\/\" target=\"_blank\" rel=\"noopener\">estudiantes de todas partes del mundo<\/a>. Por eso, para participar en esta fiesta, les hemos pedido que nos expliquen en su propio idioma qu\u00e9 es para ellos estudiar espa\u00f1ol. Aqu\u00ed tenemos algunos de sus testimonios.<\/p>\n<\/div><\/div><\/div><\/div><\/div><\/div><script id=\"script-row-unique-0\" data-row=\"script-row-unique-0\" type=\"text\/javascript\" class=\"vc_controls\">UNCODE.initRow(document.getElementById(\"row-unique-0\"));<\/script><\/div><\/div><\/div><div data-parent=\"true\" class=\"vc_row has-bg need-focus style-Hablamos-blue3-bg row-container\" id=\"row-unique-1\"><div class=\"row limit-width row-parent\"><div class=\"wpb_row row-inner\"><div class=\"wpb_column pos-top pos-center align_left column_parent col-lg-12 single-internal-gutter\"><div class=\"uncol style-light\"  ><div class=\"uncoltable\"><div class=\"uncell no-block-padding\" ><div class=\"uncont\" ><div class=\"uncode_text_column\" ><p><em>Zdravo sem Zoja, prihajam iz Slovenije ter se u\u010dim \u0161pansko zato, ker \u017eelim delat in \u017eivet v \u0160paniji. Najraj\u0161i imam v \u0160paniji to, da so vsi veseli ter se radi zabvajo.<\/em><br \/>\n<strong>Z., Eslovenia<\/strong><\/p>\n<\/div><div class=\"uncode_text_column\" ><p><em> \u0412\u0438\u0432\u0447\u0430\u0442\u0438 \u043c\u043e\u0432\u0443 \u0432 Hablamos \u2014 \u0446\u0435 \u0441\u043f\u0440\u0430\u0432\u0436\u043d\u0454 \u0437\u0430\u0434\u043e\u0432\u043e\u043b\u0435\u043d\u043d\u044f. \u0422\u0443\u0442 \u0437\u0430\u0432\u0436\u0434\u0438 \u0446\u0456\u043a\u0430\u0432\u043e \u0434\u0456\u0437\u043d\u0430\u0432\u0430\u0442\u0438\u0441\u044f \u043f\u0440\u043e \u043a\u0443\u043b\u044c\u0442\u0443\u0440\u0443 \u043a\u0440\u0430\u0457\u043d\u0438 \u0442\u0430 \u043f\u0440\u043e\u0432\u043e\u0434\u0438\u0442\u0438 \u0447\u0430\u0441, \u043d\u0435\u043c\u043e\u0432 \u0443 \u043a\u043e\u043b\u0456 \u0434\u0440\u0443\u0437\u0456\u0432. \u041e\u0441\u0442\u0430\u043d\u043d\u0456\u0439 \u0440\u0456\u043a \u044f \u0436\u0438\u0432\u0443 \u0432 \u041c\u0430\u0434\u0440\u0438\u0434\u0456, \u0456 \u0446\u0435 \u043c\u0456\u0441\u0442\u043e \u043c\u0435\u043d\u0435 \u0437\u0430\u0447\u0430\u0440\u0443\u0432\u0430\u043b\u043e, \u044f\u043a \u0456 \u0439\u043e\u0433\u043e \u043c\u0456\u0441\u0446\u0435\u0432\u0456 \u0436\u0438\u0442\u0435\u043b\u0456. \u042f \u043e\u0431\u043e\u0436\u043d\u044e\u044e \u0432\u0438\u0432\u0447\u0430\u0442\u0438 \u0446\u044e \u043c\u0435\u043b\u043e\u0434\u0456\u0439\u043d\u0443 \u043c\u043e\u0432\u0443 \u0442\u0430 \u0432\u0456\u0434\u043a\u0440\u0438\u0432\u0430\u0442\u0438 \u0434\u043b\u044f \u0441\u0435\u0431\u0435 \u0431\u0430\u0433\u0430\u0442\u0438\u0439 \u0441\u0432\u0456\u0442 \u0456\u0441\u043f\u0430\u043d\u0441\u044c\u043a\u043e\u0457 \u043a\u0443\u043b\u044c\u0442\u0443\u0440\u0438. <\/em><br \/>\n<strong>O., Ucrania<\/strong><\/p>\n<\/div><div class=\"uncode_text_column\" ><p><em> Nag aaral ako ng wikang kastila dahil importante ito sa aking trabaho. Isa itong paraan para mas mapagtibay ang aking pakikibagay sa pamamaraan ng pamumuhay at pagtuklas sa kultura ng Espanya.<br \/>\nAng pag aaral ng wikang kastila o iba&#8217;t ibang idyoma ay nakakatalas ng isip at isang kakayanang importante sa pagtuklas ng iba&#8217;t ibang bansa sa buong mundo.<br \/>\nSalamat! Magandang araw! <\/em><br \/>\n<strong>D., Filipinas<\/strong><\/p>\n<\/div><div class=\"uncode_text_column\" ><p><em> Ich lerne Spanisch, weil meine Gro\u00dfeltern Spanier waren. Sie kamen aus einer kleinen Stadt im Norden Spaniens. Ich habe mich f\u00fcr Madrid entschieden, weil es dort lebendiger ist und man viele Leute treffen kann. <\/em><br \/>\n<strong>K., Alemania<\/strong><\/p>\n<\/div><div class=\"un-media-gallery owl-carousel-wrapper\">\n\t\t\n\t\n\t<div class=\"owl-carousel-container owl-carousel-loading single-gutter\" >\n\t\t\t\t\t\t\t\t\t<div id=\"gallery-157618\" class=\"owl-carousel owl-element owl-height-auto\" data-loop=\"true\" data-navmobile=\"false\" data-navspeed=\"400\" data-autoplay=\"true\" data-timeout=\"3000\" data-stagepadding=\"0\" data-lg=\"2\" data-md=\"2\" data-sm=\"1\">\n<div class=\"tmb tmb-carousel tmb-iso-h4 tmb-light tmb-overlay-text-anim tmb-overlay-anim tmb-overlay-middle tmb-overlay-text-left tmb-image-anim tmb-bordered tmb-id-8569  tmb-img-ratio tmb-media-first tmb-media-last tmb-content-overlay tmb-no-bg tmb-lightbox\" ><div class=\"t-inside no-anim\" ><div class=\"t-entry-visual\"><div class=\"t-entry-visual-tc\"><div class=\"t-entry-visual-cont\"><div class=\"dummy\" style=\"padding-top: 133.5%;\"><\/div><a href=\"https:\/\/www.escuela-hablamos.com\/wp-content\/uploads\/2024\/10\/europa-d.jpg\"  class=\"pushed\" data-active=\"1\" data-lbox=\"ilightbox_gallery-157618\" data-external-thumb-image=\"https:\/\/www.escuela-hablamos.com\/wp-content\/uploads\/2024\/10\/europa-d-150x150.jpg\" data-lg-size=\"1000-753\" data-lb-index=\"0\"><div class=\"t-entry-visual-overlay\"><div class=\"t-entry-visual-overlay-in style-dark-bg\" style=\"opacity: 0.5;\"><\/div><\/div><img decoding=\"async\" class=\"wp-image-8569\" src=\"https:\/\/www.escuela-hablamos.com\/wp-content\/uploads\/2024\/10\/europa-d-uai-564x753.jpg\" width=\"564\" height=\"753\" alt=\"\u00a1Feliz D\u00eda Europeo de las Lenguas!\" \/><\/a><\/div>\n\t\t\t\t\t<\/div>\n\t\t\t\t<\/div><\/div><\/div><div class=\"tmb tmb-carousel tmb-iso-h4 tmb-light tmb-overlay-text-anim tmb-overlay-anim tmb-overlay-middle tmb-overlay-text-left tmb-image-anim tmb-bordered tmb-id-8568  tmb-img-ratio tmb-media-first tmb-media-last tmb-content-overlay tmb-no-bg tmb-lightbox\" ><div class=\"t-inside no-anim\" ><div class=\"t-entry-visual\"><div class=\"t-entry-visual-tc\"><div class=\"t-entry-visual-cont\"><div class=\"dummy\" style=\"padding-top: 133.5%;\"><\/div><a href=\"https:\/\/www.escuela-hablamos.com\/wp-content\/uploads\/2024\/10\/europa-c.jpg\"  class=\"pushed\" data-active=\"1\" data-lbox=\"ilightbox_gallery-157618\" data-external-thumb-image=\"https:\/\/www.escuela-hablamos.com\/wp-content\/uploads\/2024\/10\/europa-c-150x150.jpg\" data-lg-size=\"1000-753\" data-lb-index=\"1\"><div class=\"t-entry-visual-overlay\"><div class=\"t-entry-visual-overlay-in style-dark-bg\" style=\"opacity: 0.5;\"><\/div><\/div><img decoding=\"async\" class=\"wp-image-8568\" src=\"https:\/\/www.escuela-hablamos.com\/wp-content\/uploads\/2024\/10\/europa-c-uai-564x753.jpg\" width=\"564\" height=\"753\" alt=\"\u00a1Feliz D\u00eda Europeo de las Lenguas!\" \/><\/a><\/div>\n\t\t\t\t\t<\/div>\n\t\t\t\t<\/div><\/div><\/div><div class=\"tmb tmb-carousel tmb-iso-h4 tmb-light tmb-overlay-text-anim tmb-overlay-anim tmb-overlay-middle tmb-overlay-text-left tmb-image-anim tmb-bordered tmb-id-8567  tmb-img-ratio tmb-media-first tmb-media-last tmb-content-overlay tmb-no-bg tmb-lightbox\" ><div class=\"t-inside no-anim\" ><div class=\"t-entry-visual\"><div class=\"t-entry-visual-tc\"><div class=\"t-entry-visual-cont\"><div class=\"dummy\" style=\"padding-top: 133.3%;\"><\/div><a href=\"https:\/\/www.escuela-hablamos.com\/wp-content\/uploads\/2024\/10\/europa-b.jpg\"  class=\"pushed\" data-active=\"1\" data-lbox=\"ilightbox_gallery-157618\" data-external-thumb-image=\"https:\/\/www.escuela-hablamos.com\/wp-content\/uploads\/2024\/10\/europa-b-150x150.jpg\" data-lg-size=\"678-900\" data-lb-index=\"2\"><div class=\"t-entry-visual-overlay\"><div class=\"t-entry-visual-overlay-in style-dark-bg\" style=\"opacity: 0.5;\"><\/div><\/div><img decoding=\"async\" class=\"wp-image-8567\" src=\"https:\/\/www.escuela-hablamos.com\/wp-content\/uploads\/2024\/10\/europa-b-uai-675x900.jpg\" width=\"675\" height=\"900\" alt=\"\u00a1Feliz D\u00eda Europeo de las Lenguas!\" srcset=\"https:\/\/www.escuela-hablamos.com\/wp-content\/uploads\/2024\/10\/europa-b-uai-675x900.jpg 675w, https:\/\/www.escuela-hablamos.com\/wp-content\/uploads\/2024\/10\/europa-b-226x300.jpg 226w, https:\/\/www.escuela-hablamos.com\/wp-content\/uploads\/2024\/10\/europa-b-9x12.jpg 9w\" sizes=\"(max-width: 675px) 100vw, 675px\" \/><\/a><\/div>\n\t\t\t\t\t<\/div>\n\t\t\t\t<\/div><\/div><\/div><div class=\"tmb tmb-carousel tmb-iso-h4 tmb-light tmb-overlay-text-anim tmb-overlay-anim tmb-overlay-middle tmb-overlay-text-left tmb-image-anim tmb-bordered tmb-id-8566  tmb-img-ratio tmb-media-first tmb-media-last tmb-content-overlay tmb-no-bg tmb-lightbox\" ><div class=\"t-inside no-anim\" ><div class=\"t-entry-visual\"><div class=\"t-entry-visual-tc\"><div class=\"t-entry-visual-cont\"><div class=\"dummy\" style=\"padding-top: 133.5%;\"><\/div><a href=\"https:\/\/www.escuela-hablamos.com\/wp-content\/uploads\/2024\/10\/europa-a.jpg\"  class=\"pushed\" data-active=\"1\" data-lbox=\"ilightbox_gallery-157618\" data-external-thumb-image=\"https:\/\/www.escuela-hablamos.com\/wp-content\/uploads\/2024\/10\/europa-a-150x150.jpg\" data-lg-size=\"1000-753\" data-lb-index=\"3\"><div class=\"t-entry-visual-overlay\"><div class=\"t-entry-visual-overlay-in style-dark-bg\" style=\"opacity: 0.5;\"><\/div><\/div><img decoding=\"async\" class=\"wp-image-8566\" src=\"https:\/\/www.escuela-hablamos.com\/wp-content\/uploads\/2024\/10\/europa-a-uai-564x753.jpg\" width=\"564\" height=\"753\" alt=\"\u00a1Feliz D\u00eda Europeo de las Lenguas!\" \/><\/a><\/div>\n\t\t\t\t\t<\/div>\n\t\t\t\t<\/div><\/div><\/div>\t\t\t<\/div>\n\t\t\t\t\t<\/div>\n\n\t\n\t\n\t\n<\/div>\n\n<div class=\"uncode_text_column\" ><p><em> \u306a\u305c\u30b9\u30da\u30a4\u30f3\u8a9e\u3092\u52c9\u5f37\u3057\u3066\u3044\u308b\u306e\u304b\uff1f\uff1a<br \/>\n\u79c1\u306e\u30d1\u30fc\u30c8\u30ca\u30fc\u306f\u30b9\u30da\u30a4\u30f3\u4eba\u3067\u3001\u5f7c\u306e\u5bb6\u65cf\u3084\u53cb\u4eba\u3068\u306e\u6642\u9593\u3092\u3082\u3063\u3068\u697d\u3057\u307f\u305f\u3044\u3068\u601d\u3063\u305f\u304b\u3089\u3067\u3059\u3002\u3055\u3089\u306b\u3001\u30de\u30c9\u30ea\u30fc\u30c9\u3067\u4ed5\u4e8b\u3092\u3057\u305f\u3044\u3068\u3082\u8003\u3048\u3066\u3044\u307e\u3059\u3002<br \/>\n\u30b9\u30da\u30a4\u30f3\u8a9e\u3092\u30b9\u30da\u30a4\u30f3\u3067\u5b66\u3076\u3053\u3068\u306e\u4e00\u756a\u306e\u826f\u3044\u3053\u3068\u306f\uff1f\uff1a<br \/>\n\u5358\u8a9e\u3084\u6587\u6cd5\u3092\u30cd\u30a4\u30c6\u30a3\u30d6\u306e\u65b9\u9054\u3068\u30bf\u30d1\u30b9\u3084\u30b9\u30fc\u30d1\u30fc\u30de\u30fc\u30b1\u30c3\u30c8\u3001\u75c5\u9662\u306a\u3069\u3067\u4f7f\u3044\u7df4\u7fd2\u3067\u304d\u308b\u3053\u3068\u3067\u3059\u3002\u8a9e\u5b66\u3092\u52c9\u5f37\u3059\u308b\u4e0a\u3067\u306e\u52b1\u307f\u306b\u306a\u308a\u307e\u3059\u3002 <\/em><br \/>\n<strong>R., Jap\u00f3n<\/strong><\/p>\n<\/div><div class=\"uncode_text_column\" ><p><em> \u0623\u0646\u0627 \u0623\u062f\u0631\u0633 \u0627\u0644\u0625\u0633\u0628\u0627\u0646\u064a\u0629 \u0644\u0623\u0646\u0646\u064a \u0623\u062d\u0628 \u0627\u0644\u062b\u0642\u0627\u0641\u0629 \u0627\u0644\u0625\u0633\u0628\u0627\u0646\u064a\u0629 \u0648\u0623\u0631\u064a\u062f \u0623\u0646 \u0623\u062a\u062d\u062f\u062b \u0645\u0639 \u0627\u0644\u0646\u0627\u0633 \u0647\u0646\u0627\u0643. \u0623\u0643\u062b\u0631 \u0634\u064a\u0621 \u064a\u0639\u062c\u0628\u0646\u064a \u0641\u064a \u0627\u0644\u062f\u0631\u0627\u0633\u0629 \u0641\u064a \u0625\u0633\u0628\u0627\u0646\u064a\u0627 \u0647\u0648 \u0627\u0644\u062c\u0648 \u0627\u0644\u0631\u0627\u0626\u0639 \u0648\u0627\u0644\u0646\u0627\u0633 \u0627\u0644\u0648\u062f\u0648\u062f\u064a\u0646.<\/em><br \/>\n<strong>M., Arabia Saud\u00ed<\/strong><\/p>\n<\/div><div class=\"uncode_text_column\" ><p><em> \u6211\u5b78\u7fd2\u897f\u73ed\u7259\u6587\u662f\u70ba\u4e86\u5728\u897f\u73ed\u7259\u8a9e\u570b\u5bb6\u5de5\u4f5c\u3002\u6211\u975e\u5e38\u559c\u6b61\u99ac\u5fb7\u91cc\u7684\u535a\u7269\u9928\u548c\u5efa\u7bc9\u3002\u6211\u559c\u6b61\u5728\u897f\u73ed\u7259\u5b78\u7fd2\uff0c\u56e0\u70ba\u6211\u8a8d\u8b58\u4e86\u5f88\u591a\u4f86\u81ea\u4e0d\u540c\u570b\u5bb6\u7684\u4eba\u3002<\/em><br \/>\n<strong>W., China<\/strong><\/p>\n<\/div><div class=\"uncode_text_column\" ><p><em> J&#8217;ai commenc\u00e9 \u00e0 \u00e9tudier l&#8217;espagnol \u00e0 l&#8217;\u00e9cole et maintenant j&#8217;\u00e9tudie en Espagne. J&#8217;adore parler aux Espagnols dans les bars ou les caf\u00e9s, j&#8217;apprends beaucoup de vrai espagnol ici \u00e0 Madrid!<\/em><br \/>\n<strong>P., B\u00e9lgica<\/strong><\/p>\n<\/div><div class=\"uncode_text_column\" ><p><em> Ako ay nag-aaral ng Espanyol para pwede ako makipagkomunicate sa mga Espanyol at para narin matuto ng bagong wika. Ang paborito kong rason sa pag-aaral ng Espanyol dito sa Espanya ay mas immersed ako sa aking pag-aaral dahil nasa paligid ko lng ang Espanyol. <\/em><br \/>\n<strong>R., Filipinas<\/strong><\/p>\n<\/div><\/div><\/div><\/div><\/div><\/div><script id=\"script-row-unique-1\" data-row=\"script-row-unique-1\" type=\"text\/javascript\" class=\"vc_controls\">UNCODE.initRow(document.getElementById(\"row-unique-1\"));<\/script><\/div><\/div><\/div><div data-parent=\"true\" class=\"vc_row row-container\" id=\"row-unique-2\"><div class=\"row limit-width row-parent\"><div class=\"wpb_row row-inner\"><div class=\"wpb_column pos-top pos-center align_left column_parent col-lg-12 single-internal-gutter\"><div class=\"uncol style-light\"  ><div class=\"uncoltable\"><div class=\"uncell no-block-padding\" ><div class=\"uncont\" ><div class=\"uncode_text_column\" ><\/p>\n<p class=\"p1\">\u00bfY t\u00fa? \u00bfQuieres hacer como ellos y aprender espa\u00f1ol en Madrid? Preg\u00fantanos por <a href=\"https:\/\/www.escuela-hablamos.com\/pt\/our-courses\/\" target=\"_blank\" rel=\"noopener\">el curso que mejor se adapte a ti<\/a>.<\/p>\n<p class=\"p1\">\u00a1Te esperamos en <mark>Hablamos,<\/mark> escuela de espa\u00f1ol en Madrid!<\/p>\n<p>\n<\/div><div class=\"vc_custom_heading_wrap\"><div class=\"heading-text el-text\" ><h3 class=\"h4 text-Hablamos-blue-color\" ><span><mark>Hablamos &#8211; full-on Spanish!<\/mark><\/span><\/h3><\/div><div class=\"clear\"><\/div><\/div><\/div><\/div><\/div><\/div><\/div><script id=\"script-row-unique-2\" data-row=\"script-row-unique-2\" type=\"text\/javascript\" class=\"vc_controls\">UNCODE.initRow(document.getElementById(\"row-unique-2\"));<\/script><\/div><\/div><\/div>\n<\/div>","protected":false},"excerpt":{"rendered":"<p>El 26 de septiembre celebramos el D\u00eda Europeo de las Lenguas. En esta fiesta, el Consejo de Europa anima al mundo a aprender nuevas lenguas como forma de conocer otras culturas e historias.<\/p>","protected":false},"author":2,"featured_media":8565,"comment_status":"closed","ping_status":"closed","sticky":false,"template":"","format":"standard","meta":{"iawp_total_views":15,"footnotes":""},"categories":[8],"tags":[],"class_list":["post-8564","post","type-post","status-publish","format-standard","has-post-thumbnail","hentry","category-culture"],"_links":{"self":[{"href":"https:\/\/www.escuela-hablamos.com\/pt\/wp-json\/wp\/v2\/posts\/8564","targetHints":{"allow":["GET"]}}],"collection":[{"href":"https:\/\/www.escuela-hablamos.com\/pt\/wp-json\/wp\/v2\/posts"}],"about":[{"href":"https:\/\/www.escuela-hablamos.com\/pt\/wp-json\/wp\/v2\/types\/post"}],"author":[{"embeddable":true,"href":"https:\/\/www.escuela-hablamos.com\/pt\/wp-json\/wp\/v2\/users\/2"}],"replies":[{"embeddable":true,"href":"https:\/\/www.escuela-hablamos.com\/pt\/wp-json\/wp\/v2\/comments?post=8564"}],"version-history":[{"count":2,"href":"https:\/\/www.escuela-hablamos.com\/pt\/wp-json\/wp\/v2\/posts\/8564\/revisions"}],"predecessor-version":[{"id":8574,"href":"https:\/\/www.escuela-hablamos.com\/pt\/wp-json\/wp\/v2\/posts\/8564\/revisions\/8574"}],"wp:featuredmedia":[{"embeddable":true,"href":"https:\/\/www.escuela-hablamos.com\/pt\/wp-json\/wp\/v2\/media\/8565"}],"wp:attachment":[{"href":"https:\/\/www.escuela-hablamos.com\/pt\/wp-json\/wp\/v2\/media?parent=8564"}],"wp:term":[{"taxonomy":"category","embeddable":true,"href":"https:\/\/www.escuela-hablamos.com\/pt\/wp-json\/wp\/v2\/categories?post=8564"},{"taxonomy":"post_tag","embeddable":true,"href":"https:\/\/www.escuela-hablamos.com\/pt\/wp-json\/wp\/v2\/tags?post=8564"}],"curies":[{"name":"wp","href":"https:\/\/api.w.org\/{rel}","templated":true}]}}