{"id":6730,"date":"2024-03-15T04:10:07","date_gmt":"2024-03-15T04:10:07","guid":{"rendered":"https:\/\/www.escuela-hablamos.com\/?p=6730"},"modified":"2024-03-15T06:57:11","modified_gmt":"2024-03-15T06:57:11","slug":"la-importancia-de-la-tilde-en-espanol","status":"publish","type":"post","link":"https:\/\/www.escuela-hablamos.com\/ja\/la-importancia-de-la-tilde-en-espanol\/","title":{"rendered":"La importancia de la tilde en espa\u00f1ol"},"content":{"rendered":"<div class=\"wpb-content-wrapper\"><div data-parent=\"true\" class=\"vc_row row-container\" id=\"row-unique-0\"><div class=\"row single-top-padding single-bottom-padding no-h-padding limit-width row-parent\"><div class=\"wpb_row row-inner\"><div class=\"wpb_column pos-top pos-center align_left column_parent col-lg-12 single-internal-gutter\"><div class=\"uncol style-light\"  ><div class=\"uncoltable\"><div class=\"uncell no-block-padding\" ><div class=\"uncont\" ><div class=\"vc_custom_heading_wrap\"><div class=\"heading-text el-text\" ><h2 class=\"h3\" ><span>La tilde, esa peque\u00f1a rayita que tienen muchas palabras en espa\u00f1ol es una marca ortogr\u00e1fica que indica la s\u00edlaba t\u00f3nica de una palabra y es esencial en el idioma espa\u00f1ol<\/span><\/h2><\/div><div class=\"clear\"><\/div><\/div><div class=\"uncode_text_column\" ><\/p>\n<p class=\"p1\">Para los estudiantes de espa\u00f1ol como lengua extranjera, como los que cada d\u00eda estudian en <strong><a href=\"https:\/\/www.escuela-hablamos.com\/ja\/\" target=\"_blank\" rel=\"noopener\">Hablamos<\/a><\/strong>, comprender su funci\u00f3n y aplicar correctamente las reglas de acentuaci\u00f3n puede resultar crucial para una comunicaci\u00f3n precisa y efectiva.<span class=\"Apple-converted-space\">\u00a0<\/span><\/p>\n<p class=\"p1\">En este art\u00edculo, vamos a explorar en detalle qu\u00e9 es la tilde, su utilidad, as\u00ed como las diferentes reglas de acentuaci\u00f3n, incluyendo la llamada tilde diacr\u00edtica.<\/p>\n<p>\n<\/div><\/div><\/div><\/div><\/div><\/div><script id=\"script-row-unique-0\" data-row=\"script-row-unique-0\" type=\"text\/javascript\" class=\"vc_controls\">UNCODE.initRow(document.getElementById(\"row-unique-0\"));<\/script><\/div><\/div><\/div><div data-parent=\"true\" class=\"vc_row has-bg need-focus style-Hablamos-blue3-bg row-container\" id=\"row-unique-1\"><div class=\"row limit-width row-parent\"><div class=\"wpb_row row-inner\"><div class=\"wpb_column pos-top pos-center align_left column_parent col-lg-12 single-internal-gutter\"><div class=\"uncol style-light\"  ><div class=\"uncoltable\"><div class=\"uncell no-block-padding\" ><div class=\"uncont\" ><div class=\"vc_custom_heading_wrap\"><div class=\"heading-text el-text\" ><h2 class=\"h4 text-accent-color\" ><span>\u00bfQu\u00e9 es la tilde y cu\u00e1l es su funci\u00f3n?<\/span><\/h2><\/div><div class=\"clear\"><\/div><\/div><div class=\"uncode_text_column\" ><\/p>\n<p class=\"p1\">La tilde, tambi\u00e9n conocida como acento ortogr\u00e1fico o acento gr\u00e1fico, es un signo diacr\u00edtico que se coloca sobre una vocal para indicar la s\u00edlaba t\u00f3nica de una palabra.<span class=\"Apple-converted-space\">\u00a0<\/span><\/p>\n<p class=\"p1\">La s\u00edlaba t\u00f3nica es aquella que se pronuncia con mayor fuerza o \u00e9nfasis dentro de una palabra, y su correcta identificaci\u00f3n es fundamental para la pronunciaci\u00f3n y comprensi\u00f3n del idioma espa\u00f1ol.<span class=\"Apple-converted-space\">\u00a0<\/span><\/p>\n<p class=\"p1\">La tilde cumple la funci\u00f3n de diferenciar palabras que, aunque se escriben de manera similar, tienen significados distintos, ayudando as\u00ed a evitar confusiones y ambig\u00fcedades en el lenguaje escrito.<\/p>\n<p class=\"p1\">Gr\u00e1ficamente es una peque\u00f1a l\u00ednea inclinada a la derecha que se coloca siempre sobre una vocal.<\/p>\n<p>\n<\/div><div class=\"vc_custom_heading_wrap\"><div class=\"heading-text el-text\" ><h2 class=\"h4 text-accent-color\" ><span>Reglas de Acentuaci\u00f3n:<\/span><\/h2><\/div><div class=\"clear\"><\/div><\/div><div class=\"uncode_text_column\" ><\/p>\n<p class=\"p1\">En espa\u00f1ol clasificamos las palabras seg\u00fan d\u00f3nde se encuentra la s\u00edlaba t\u00f3nica. Hay cuatro tipos de palabras: agudas, llanas, esdr\u00fajulas y sobresdr\u00fajulas. Conocer la s\u00edlaba t\u00f3nica y el tipo de palabras es muy \u00fatil para poder aplicar las reglas de acentuaci\u00f3n.<span class=\"Apple-converted-space\">\u00a0<\/span><\/p>\n<p class=\"p1\"><b>Palabras Agudas:<\/b> Las palabras agudas son aquellas cuya s\u00edlaba t\u00f3nica es la \u00faltima s\u00edlaba. Se acent\u00faan cuando terminan en vocal, en las letras &#8220;n&#8221; o &#8220;s&#8221;. Por ejemplo: &#8220;caf\u00e9&#8221;, &#8220;reloj&#8221;, &#8220;jam\u00f3n&#8221;.<\/p>\n<p class=\"p1\"><b>Palabras Llanas:<\/b> Las palabras llanas (a veces llamadas tambi\u00e9n graves) son aquellas cuya s\u00edlaba t\u00f3nica es la pen\u00faltima s\u00edlaba. Se acent\u00faan cuando terminan en consonante que no sea &#8220;n&#8221; o &#8220;s&#8221;. Ejemplos: &#8220;\u00e1rbol&#8221;, &#8220;c\u00e1ntaro&#8221;, &#8220;f\u00e1cil&#8221;.<\/p>\n<p class=\"p1\"><b>Palabras Esdr\u00fajulas: <\/b>Las palabras esdr\u00fajulas son aquellas cuya s\u00edlaba t\u00f3nica es la antepen\u00faltima s\u00edlaba. Todas las palabras esdr\u00fajulas llevan tilde. Ejemplos: &#8220;m\u00fasica&#8221;, &#8220;l\u00e1piz&#8221;, &#8220;c\u00e1mara&#8221;.<\/p>\n<p class=\"p1\"><b>Palabras Sobresdr\u00fajulas:<\/b> Las palabras sobresdr\u00fajulas son aquellas cuya s\u00edlaba t\u00f3nica est\u00e1 antes de la antepen\u00faltima s\u00edlaba. Todas las palabras sobresdr\u00fajulas llevan tilde. Ejemplos: &#8220;d\u00e9jame&#8221;, &#8220;c\u00f3metelo&#8221;, &#8220;c\u00e1ntaselo&#8221;.<\/p>\n<p>\n<\/div><div class=\"vc_custom_heading_wrap\"><div class=\"heading-text el-text\" ><h2 class=\"h4 text-accent-color\" ><span>Tilde Diacr\u00edtica:<\/span><\/h2><\/div><div class=\"clear\"><\/div><\/div><div class=\"uncode_text_column\" ><\/p>\n<p class=\"p1\">Adem\u00e1s de marcar la s\u00edlaba t\u00f3nica, la tilde tambi\u00e9n se utiliza para diferenciar palabras que se escriben igual, pero tienen significados diferentes, esa es la tilde diacr\u00edtica.<span class=\"Apple-converted-space\">\u00a0<\/span><\/p>\n<p class=\"p1\">Vamos a ver algunos ejemplos:<\/p>\n<p class=\"p1\">&#8211; <b>T\u00fa<\/b> (pronombre personal) y <b>tu<\/b> (adjetivo posesivo).<\/p>\n<p class=\"p1\">\u00bfT\u00fa trabajas aqu\u00ed? \/ \u00bfTu marido es m\u00e9dico?<\/p>\n<p class=\"p1\">&#8211; <b>\u00c9l<\/b> (pronombre personal) y <b>el<\/b> (art\u00edculo determinado).<\/p>\n<p class=\"p1\">\u00c9l es m\u00e1s alto \/ El coche es rojo<\/p>\n<p class=\"p1\">&#8211; <b>S\u00ed<\/b> (afirmaci\u00f3n) y <b>si<\/b> (conjunci\u00f3n condicional).<\/p>\n<p class=\"p1\">La novia dijo \u201cS\u00ed, quiero\u201d \/ Si estudias en Hablamos, hablar\u00e1s espa\u00f1ol.<span class=\"Apple-converted-space\">\u00a0<\/span><\/p>\n<p class=\"p1\"><b>&#8211; T\u00e9 <\/b>(bebida) y <b>te <\/b>(pronombre)<\/p>\n<p class=\"p1\">Me encanta el t\u00e9 verde \/ \u00bfC\u00f3mo te llamas?<\/p>\n<p>\n<\/div><div class=\"vc_custom_heading_wrap\"><div class=\"heading-text el-text\" ><h2 class=\"h4 text-accent-color\" ><span>Algunos datos sobre la tilde<\/span><\/h2><\/div><div class=\"clear\"><\/div><\/div><div class=\"uncode_text_column\" ><\/p>\n<p class=\"p1\">&#8211; Muchas palabras var\u00edan su acentuaci\u00f3n cuando cambian de g\u00e9nero y n\u00famero.<span class=\"Apple-converted-space\">\u00a0<\/span><\/p>\n<p class=\"p1\">La imagen -&gt; las im\u00e1genes<\/p>\n<p class=\"p1\">Alem\u00e1n -&gt; alemana<span class=\"Apple-converted-space\">\u00a0<\/span><\/p>\n<p class=\"p1\">&#8211; Siempre llevan tilde los interrogativos y los exclamativos.<span class=\"Apple-converted-space\">\u00a0<\/span><\/p>\n<p class=\"p1\">\u00bfQui\u00e9n ha venido?<span class=\"Apple-converted-space\">\u00a0<\/span><\/p>\n<p class=\"p1\">\u00a1Qu\u00e9 bien hablas espa\u00f1ol!<\/p>\n<p class=\"p1\">&#8211; En el caso de los verbos, la tilde y su correcta pronunciaci\u00f3n es especialmente importante ya que permite identificar el tiempo<span class=\"Apple-converted-space\">\u00a0<\/span><\/p>\n<p class=\"p1\">Yo canto (presente del indicativo) \u2013 yo cant\u00e9 (pret\u00e9rito indefinido) \u2013 yo cantar\u00e9 (futuro) \u2013 ojal\u00e1 cante (presente del subjuntivo)<\/p>\n<p>\n<\/div><\/div><\/div><\/div><\/div><\/div><script id=\"script-row-unique-1\" data-row=\"script-row-unique-1\" type=\"text\/javascript\" class=\"vc_controls\">UNCODE.initRow(document.getElementById(\"row-unique-1\"));<\/script><\/div><\/div><\/div><div data-parent=\"true\" class=\"vc_row row-container\" id=\"row-unique-2\"><div class=\"row limit-width row-parent\"><div class=\"wpb_row row-inner\"><div class=\"wpb_column pos-top pos-center align_left column_parent col-lg-12 single-internal-gutter\"><div class=\"uncol style-light\"  ><div class=\"uncoltable\"><div class=\"uncell no-block-padding\" ><div class=\"uncont\" ><div class=\"uncode_text_column\" ><\/p>\n<p class=\"p1\">Es importante tener en cuenta que, aunque estas reglas son \u00fatiles, en espa\u00f1ol siembre existen excepciones que requieren atenci\u00f3n especial. Si tienes duda siempre puedes consultar el diccionario de la RAE o a tu profesor. En Hablamos, todos <strong><a href=\"https:\/\/www.escuela-hablamos.com\/ja\/methodology-and-team\/\">nuestros profesores son nativos y con muchos a\u00f1os de experiencia<\/a><\/strong> en la ense\u00f1anza del espa\u00f1ol para extranjeros. Ellos te ense\u00f1ar\u00e1n las reglas de manera f\u00e1cil para que puedas ser capaz de entender esta peque\u00f1a rayita tan importante para el espa\u00f1ol.<span class=\"Apple-converted-space\">\u00a0<\/span><\/p>\n<p class=\"p1\">\u00bfA qu\u00e9 esperas para apuntarte? \u00a1Haz tu <strong><a href=\"https:\/\/www.escuela-hablamos.com\/ja\/test-your-level\/\">prueba de nivel gratuita<\/a><\/strong> y ven a <mark>Hablamos\u306f<\/mark> escuela de espa\u00f1ol en Madrid!<\/p>\n<p>\n<\/div><div class=\"vc_custom_heading_wrap\"><div class=\"heading-text el-text\" ><h3 class=\"h4 text-Hablamos-blue-color\" ><span><mark>Hablamos &#8211; full-on Spanish!<\/mark><\/span><\/h3><\/div><div class=\"clear\"><\/div><\/div><\/div><\/div><\/div><\/div><\/div><script id=\"script-row-unique-2\" data-row=\"script-row-unique-2\" type=\"text\/javascript\" class=\"vc_controls\">UNCODE.initRow(document.getElementById(\"row-unique-2\"));<\/script><\/div><\/div><\/div>\n<\/div>","protected":false},"excerpt":{"rendered":"<p>La tilde, esa peque\u00f1a rayita que tienen muchas palabras en espa\u00f1ol es una marca ortogr\u00e1fica que indica la s\u00edlaba t\u00f3nica de una palabra y es esencial en el idioma espa\u00f1ol<\/p>","protected":false},"author":2,"featured_media":6731,"comment_status":"closed","ping_status":"closed","sticky":false,"template":"","format":"standard","meta":{"iawp_total_views":3198,"footnotes":""},"categories":[5,9],"tags":[],"class_list":["post-6730","post","type-post","status-publish","format-standard","has-post-thumbnail","hentry","category-grammar","category-vocabulary"],"_links":{"self":[{"href":"https:\/\/www.escuela-hablamos.com\/ja\/wp-json\/wp\/v2\/posts\/6730","targetHints":{"allow":["GET"]}}],"collection":[{"href":"https:\/\/www.escuela-hablamos.com\/ja\/wp-json\/wp\/v2\/posts"}],"about":[{"href":"https:\/\/www.escuela-hablamos.com\/ja\/wp-json\/wp\/v2\/types\/post"}],"author":[{"embeddable":true,"href":"https:\/\/www.escuela-hablamos.com\/ja\/wp-json\/wp\/v2\/users\/2"}],"replies":[{"embeddable":true,"href":"https:\/\/www.escuela-hablamos.com\/ja\/wp-json\/wp\/v2\/comments?post=6730"}],"version-history":[{"count":2,"href":"https:\/\/www.escuela-hablamos.com\/ja\/wp-json\/wp\/v2\/posts\/6730\/revisions"}],"predecessor-version":[{"id":6733,"href":"https:\/\/www.escuela-hablamos.com\/ja\/wp-json\/wp\/v2\/posts\/6730\/revisions\/6733"}],"wp:featuredmedia":[{"embeddable":true,"href":"https:\/\/www.escuela-hablamos.com\/ja\/wp-json\/wp\/v2\/media\/6731"}],"wp:attachment":[{"href":"https:\/\/www.escuela-hablamos.com\/ja\/wp-json\/wp\/v2\/media?parent=6730"}],"wp:term":[{"taxonomy":"category","embeddable":true,"href":"https:\/\/www.escuela-hablamos.com\/ja\/wp-json\/wp\/v2\/categories?post=6730"},{"taxonomy":"post_tag","embeddable":true,"href":"https:\/\/www.escuela-hablamos.com\/ja\/wp-json\/wp\/v2\/tags?post=6730"}],"curies":[{"name":"wp","href":"https:\/\/api.w.org\/{rel}","templated":true}]}}